{"id":5852,"date":"2020-02-19T16:02:19","date_gmt":"2020-02-19T15:02:19","guid":{"rendered":"http:\/\/anthuriuminfo.com\/fr\/?p=5852"},"modified":"2020-03-13T17:19:58","modified_gmt":"2020-03-13T16:19:58","slug":"lanthurium-devient-la-fleur-phare-lors-de-la-celebration-de-paques-a-rome","status":"publish","type":"post","link":"https:\/\/anthuriuminfo.com\/fr\/lanthurium-devient-la-fleur-phare-lors-de-la-celebration-de-paques-a-rome\/","title":{"rendered":"L\u2019anthurium devient la fleur phare lors de la c\u00e9l\u00e9bration de P\u00e2ques \u00e0 Rome 2021"},"content":{"rendered":"<p>Pour la c\u00e9l\u00e9bration de P\u00e2ques, qui aura lieu le 11 avril 2021 \u00e0 Rome cette ann\u00e9e, l\u2019arrangeur floral en chef Paul Deckers a choisi l\u2019anthurium comme fleur phare de la d\u00e9coration de la place Saint-Pierre.\u00a0<!--more-->Avec plus d\u2019un milliard de personnes qui assiste \u00e0 cette c\u00e9l\u00e9bration annuelle, cet \u00e9v\u00e8nement majeur est une vitrine d\u2019exception pour les producteurs d\u2019anthurium et tout le secteur des plantes ornementales.<\/p>\n<h3>L\u2019anthurium comme accroche-regard<\/h3>\n<p>L\u2019arrangeur floral Paul Deckers participe depuis 1988 \u00e0 la d\u00e9coration de la place Saint-Pierre. En 2015, il a m\u00eame re\u00e7u une distinction pontificale pour ses cr\u00e9ations. D\u00e8s lors, chaque ann\u00e9e il s\u00e9lectionne un type de fleur qui joue le r\u00f4le principal dans la d\u00e9coration florale. Depuis 1986, le secteur de l&#8217;horticulture ornementale N\u00e9erlandais organise la d\u00e9coration et offre les fleur pour l&#8217;\u00e9v\u00e8nement de P\u00e2ques devant la basilique Saint-Pierre. Pour cette \u00e9dition, Deckers a choisi l\u2019anthurium comme accroche-regard. Ses propri\u00e9t\u00e9s esth\u00e9tiques et son look puissant ont \u00e9t\u00e9 la raison pour laquelle il a \u00e9t\u00e9 s\u00e9lectionn\u00e9 comme la fleur phare pour cet \u00e9v\u00e8nement.<\/p>\n<figure id=\"attachment_6362\" aria-describedby=\"caption-attachment-6362\" style=\"width: 1300px\" class=\"wp-caption aligncenter\"><img loading=\"lazy\" decoding=\"async\" class=\"wp-image-6362 size-full\" src=\"http:\/\/anthuriuminfo.com\/wp-content\/uploads\/2020\/02\/DSC_0142-2.jpg\" alt=\"L\u2019anthurium devient la fleur phare lors de la c\u00e9l\u00e9bration de P\u00e2ques \u00e0 Rome\" width=\"1300\" height=\"867\" \/><figcaption id=\"caption-attachment-6362\" class=\"wp-caption-text\">Photo : Le designer floral Paul Deckers<\/figcaption><\/figure>\n<p>\u00ab\u00a0Je choisis toujours des fleurs qui me correspondent, qui me permettent de travailler rapidement et qui font forte impression. L\u2019anthurium d\u00e9gage une certaine force primaire et conna\u00eet de nombreuses applications, car il peut \u00eatre utilis\u00e9 comme fleur coup\u00e9e et comme plante en pot. Les anthuriums ont des fleurs tr\u00e8s particuli\u00e8res et d\u00e9coratives, une longue dur\u00e9e de vie, une valeur d\u00e9corative ornementale \u00e9lev\u00e9e et ils se d\u00e9clinent en une multitude de teintes.\u00a0\u00bb<\/p>\n<div id='gallery-1' class='gallery galleryid-5852 gallery-columns-2 gallery-size-full'><figure class='gallery-item'>\n\t\t\t<div class='gallery-icon landscape'>\n\t\t\t\t<img loading=\"lazy\" decoding=\"async\" width=\"1300\" height=\"867\" src=\"https:\/\/anthuriuminfo.com\/fr\/wp-content\/uploads\/sites\/4\/2020\/03\/DSC_0213.jpg\" class=\"attachment-full size-full\" alt=\"L\u2019anthurium devient la fleur phare lors de la c\u00e9l\u00e9bration de P\u00e2ques \u00e0 Rome\" aria-describedby=\"gallery-1-5853\" srcset=\"https:\/\/anthuriuminfo.com\/fr\/wp-content\/uploads\/sites\/4\/2020\/03\/DSC_0213.jpg 1300w, https:\/\/anthuriuminfo.com\/fr\/wp-content\/uploads\/sites\/4\/2020\/03\/DSC_0213-800x534.jpg 800w, https:\/\/anthuriuminfo.com\/fr\/wp-content\/uploads\/sites\/4\/2020\/03\/DSC_0213-768x512.jpg 768w\" sizes=\"auto, (max-width: 1300px) 100vw, 1300px\" \/>\n\t\t\t<\/div>\n\t\t\t\t<figcaption class='wp-caption-text gallery-caption' id='gallery-1-5853'>\n\t\t\t\tPhoto : Paul Deckers (\u00e0 gauche) et le producteur d\u2019anthurium en pot Mike Rijnsburger\n\t\t\t\t<\/figcaption><\/figure><figure class='gallery-item'>\n\t\t\t<div class='gallery-icon landscape'>\n\t\t\t\t<img loading=\"lazy\" decoding=\"async\" width=\"1300\" height=\"867\" src=\"https:\/\/anthuriuminfo.com\/fr\/wp-content\/uploads\/sites\/4\/2020\/03\/DSC_0175.jpg\" class=\"attachment-full size-full\" alt=\"L\u2019anthurium devient la fleur phare lors de la c\u00e9l\u00e9bration de P\u00e2ques \u00e0 Rome\" aria-describedby=\"gallery-1-5854\" srcset=\"https:\/\/anthuriuminfo.com\/fr\/wp-content\/uploads\/sites\/4\/2020\/03\/DSC_0175.jpg 1300w, https:\/\/anthuriuminfo.com\/fr\/wp-content\/uploads\/sites\/4\/2020\/03\/DSC_0175-800x534.jpg 800w, https:\/\/anthuriuminfo.com\/fr\/wp-content\/uploads\/sites\/4\/2020\/03\/DSC_0175-768x512.jpg 768w\" sizes=\"auto, (max-width: 1300px) 100vw, 1300px\" \/>\n\t\t\t<\/div>\n\t\t\t\t<figcaption class='wp-caption-text gallery-caption' id='gallery-1-5854'>\n\t\t\t\tPhoto : de g. \u00e0 dr., le producteur de fleurs d\u2019anthurium coup\u00e9es Jens Kool, Marco van Adrichem et l\u2019arrangeur floral Paul Deckers\n\t\t\t\t<\/figcaption><\/figure>\n\t\t<\/div>\n\n<h3>Symbolisme<\/h3>\n<p>Paul Deckers utilise souvent le symbolisme des fleurs dans son travail de designer floral. \u00ab\u00a0L\u2019anthurium symbolise \u2013 ce qui n\u2019est en fait pas tr\u00e8s surprenant \u2013 la beaut\u00e9 exotique. La forme de la fleur est tout aussi remarquable. Elle ressemble souvent \u00e0 un c\u0153ur, que l\u2019on associe imm\u00e9diatement \u00e0 l\u2019amour, la passion et l\u2019attachement. De plus, l\u2019anthurium blanc est synonyme de paix et s\u00e9r\u00e9nit\u00e9 avec sa couleur et sa forme de c\u0153ur. Cette fleur puissante, robuste et pure brillera bient\u00f4t sur la place Saint-Pierre\u00a0\u00bb explique Deckers.<\/p>\n<figure id=\"attachment_6355\" aria-describedby=\"caption-attachment-6355\" style=\"width: 1300px\" class=\"wp-caption aligncenter\"><img loading=\"lazy\" decoding=\"async\" class=\"wp-image-6355 size-full\" src=\"http:\/\/anthuriuminfo.com\/wp-content\/uploads\/2020\/02\/Floral-Designer-Paul-Deckers-laat-plannen-zien-aan-anthuriumkwekers.jpg\" alt=\"L\u2019anthurium devient la fleur phare lors de la c\u00e9l\u00e9bration de P\u00e2ques \u00e0 Rome\" width=\"1300\" height=\"867\" \/><figcaption id=\"caption-attachment-6355\" class=\"wp-caption-text\">Photo : Paul Deckers (\u00e0 gauche) avec les producteurs d\u2019anthurium Jens Kool (au centre) et Marco van Adrichem (\u00e0 gauche)<\/figcaption><\/figure>\n<h3>Promotion de produits collective<\/h3>\n<p>Plus de deux mille anthuriums d\u00e9coreront le balcon du Pape. Elles seront int\u00e9gr\u00e9es entre autres dans une bonne dizaine de cr\u00e9ations florales devant la basilique Saint-Pierre et dans de nombreux arrangements qui agr\u00e9menteront les jardins. Le tout donnera une belle intensit\u00e9 de couleurs. Les anthuriums sont offerts par Anthurium Info, le collectif de producteurs de tous les producteurs d\u2019anthuriums, en pot et en fleurs coup\u00e9es. \u00ab\u00a0Nous sommes extr\u00eamement fiers de fournir les anthuriums pour la place Saint-Pierre au nom de notre collectif. C\u2019est l\u2019occasion r\u00eav\u00e9e pour montrer cette fleur \u00e0 un milliard de personnes dans le monde\u00a0\u00bb, explique le producteur de fleurs coup\u00e9es d\u2019anthurium Marco van Adrichem.<\/p>\n<p><iframe loading=\"lazy\" title=\"Anthurium hoofdbloem bij Paasviering Rome\" width=\"500\" height=\"281\" src=\"https:\/\/www.youtube.com\/embed\/JMS7f0NBVAs?feature=oembed\" frameborder=\"0\" allow=\"accelerometer; autoplay; clipboard-write; encrypted-media; gyroscope; picture-in-picture; web-share\" referrerpolicy=\"strict-origin-when-cross-origin\" allowfullscreen><\/iframe><\/p>\n<p><strong>Pour plus d\u2019info sur ce projet, consultez <\/strong><a href=\"https:\/\/www.pauldeckers.nl\/\"><strong>www.pauldeckers.nl<\/strong><\/a><strong>.<\/strong><\/p>\n","protected":false},"excerpt":{"rendered":"<p class=\"excerpt\">Pour la c\u00e9l\u00e9bration de P\u00e2ques, qui aura lieu le 11 avril 2021 \u00e0 Rome cette ann\u00e9e, l\u2019arrangeur floral en chef Paul Deckers a choisi l\u2019anthurium comme fleur phare de la d\u00e9coration de la place Saint-Pierre.\u00a0<\/p>\n","protected":false},"author":2,"featured_media":5857,"comment_status":"open","ping_status":"open","sticky":false,"template":"","format":"standard","meta":{"_acf_changed":false,"footnotes":""},"categories":[5],"tags":[153,152,62],"class_list":["post-5852","post","type-post","status-publish","format-standard","has-post-thumbnail","hentry","category-a-propos-danthurium","tag-fleur-principale","tag-paques","tag-peter"],"acf":[],"yoast_head":"<!-- This site is optimized with the Yoast SEO plugin v26.7 - https:\/\/yoast.com\/wordpress\/plugins\/seo\/ -->\n<title>L\u2019anthurium devient la fleur phare lors de la c\u00e9l\u00e9bration de P\u00e2ques \u00e0 Rome<\/title>\n<meta name=\"description\" content=\"Pour la c\u00e9l\u00e9bration de P\u00e2ques, l\u2019arrangeur floral en chef Paul Deckers a choisi l\u2019anthurium comme fleur phare de la d\u00e9coration de la place Saint-Pierre.\" \/>\n<meta name=\"robots\" content=\"index, follow, max-snippet:-1, max-image-preview:large, max-video-preview:-1\" \/>\n<link rel=\"canonical\" href=\"https:\/\/anthuriuminfo.com\/fr\/lanthurium-devient-la-fleur-phare-lors-de-la-celebration-de-paques-a-rome\/\" \/>\n<meta property=\"og:locale\" content=\"nl_NL\" \/>\n<meta property=\"og:type\" content=\"article\" \/>\n<meta property=\"og:title\" content=\"L\u2019anthurium devient la fleur phare lors de la c\u00e9l\u00e9bration de P\u00e2ques \u00e0 Rome\" \/>\n<meta property=\"og:description\" content=\"Pour la c\u00e9l\u00e9bration de P\u00e2ques, l\u2019arrangeur floral en chef Paul Deckers a choisi l\u2019anthurium comme fleur phare de la d\u00e9coration de la place Saint-Pierre.\" \/>\n<meta property=\"og:url\" content=\"https:\/\/anthuriuminfo.com\/fr\/lanthurium-devient-la-fleur-phare-lors-de-la-celebration-de-paques-a-rome\/\" \/>\n<meta property=\"og:site_name\" content=\"Anthurium Fran\u00e7ais\" \/>\n<meta property=\"article:publisher\" content=\"https:\/\/www.facebook.com\/Anthurium.info\" \/>\n<meta property=\"article:published_time\" content=\"2020-02-19T15:02:19+00:00\" \/>\n<meta property=\"article:modified_time\" content=\"2020-03-13T16:19:58+00:00\" \/>\n<meta property=\"og:image\" content=\"https:\/\/anthuriuminfo.com\/fr\/wp-content\/uploads\/sites\/4\/2020\/03\/TEMPLATE-BLOGGERS-LIGGEND-28.png\" \/>\n\t<meta property=\"og:image:width\" content=\"1024\" \/>\n\t<meta property=\"og:image:height\" content=\"724\" \/>\n\t<meta property=\"og:image:type\" content=\"image\/png\" \/>\n<meta name=\"author\" content=\"Claudia\" \/>\n<meta name=\"twitter:card\" content=\"summary_large_image\" \/>\n<meta name=\"twitter:creator\" content=\"@Anthuriuminfo\" \/>\n<meta name=\"twitter:site\" content=\"@Anthuriuminfo\" \/>\n<meta name=\"twitter:label1\" content=\"Geschreven door\" \/>\n\t<meta name=\"twitter:data1\" content=\"Claudia\" \/>\n\t<meta name=\"twitter:label2\" content=\"Geschatte leestijd\" \/>\n\t<meta name=\"twitter:data2\" content=\"3 minuten\" \/>\n<script type=\"application\/ld+json\" class=\"yoast-schema-graph\">{\"@context\":\"https:\/\/schema.org\",\"@graph\":[{\"@type\":\"Article\",\"@id\":\"https:\/\/anthuriuminfo.com\/fr\/lanthurium-devient-la-fleur-phare-lors-de-la-celebration-de-paques-a-rome\/#article\",\"isPartOf\":{\"@id\":\"https:\/\/anthuriuminfo.com\/fr\/lanthurium-devient-la-fleur-phare-lors-de-la-celebration-de-paques-a-rome\/\"},\"author\":{\"name\":\"Claudia\",\"@id\":\"http:\/\/anthuriuminfo.com\/fr\/#\/schema\/person\/59fd1979d5ab3e574325b0ac6bbdb330\"},\"headline\":\"L\u2019anthurium devient la fleur phare lors de la c\u00e9l\u00e9bration de P\u00e2ques \u00e0 Rome 2021\",\"datePublished\":\"2020-02-19T15:02:19+00:00\",\"dateModified\":\"2020-03-13T16:19:58+00:00\",\"mainEntityOfPage\":{\"@id\":\"https:\/\/anthuriuminfo.com\/fr\/lanthurium-devient-la-fleur-phare-lors-de-la-celebration-de-paques-a-rome\/\"},\"wordCount\":579,\"commentCount\":0,\"image\":{\"@id\":\"https:\/\/anthuriuminfo.com\/fr\/lanthurium-devient-la-fleur-phare-lors-de-la-celebration-de-paques-a-rome\/#primaryimage\"},\"thumbnailUrl\":\"https:\/\/anthuriuminfo.com\/fr\/wp-content\/uploads\/sites\/4\/2020\/03\/TEMPLATE-BLOGGERS-LIGGEND-28.png\",\"keywords\":[\"fleur principale\",\"P\u00e2ques\",\"peter\"],\"articleSection\":[\"A propos d'anthurium\"],\"inLanguage\":\"nl-NL\",\"potentialAction\":[{\"@type\":\"CommentAction\",\"name\":\"Comment\",\"target\":[\"https:\/\/anthuriuminfo.com\/fr\/lanthurium-devient-la-fleur-phare-lors-de-la-celebration-de-paques-a-rome\/#respond\"]}]},{\"@type\":\"WebPage\",\"@id\":\"https:\/\/anthuriuminfo.com\/fr\/lanthurium-devient-la-fleur-phare-lors-de-la-celebration-de-paques-a-rome\/\",\"url\":\"https:\/\/anthuriuminfo.com\/fr\/lanthurium-devient-la-fleur-phare-lors-de-la-celebration-de-paques-a-rome\/\",\"name\":\"L\u2019anthurium devient la fleur phare lors de la c\u00e9l\u00e9bration de P\u00e2ques \u00e0 Rome\",\"isPartOf\":{\"@id\":\"http:\/\/anthuriuminfo.com\/fr\/#website\"},\"primaryImageOfPage\":{\"@id\":\"https:\/\/anthuriuminfo.com\/fr\/lanthurium-devient-la-fleur-phare-lors-de-la-celebration-de-paques-a-rome\/#primaryimage\"},\"image\":{\"@id\":\"https:\/\/anthuriuminfo.com\/fr\/lanthurium-devient-la-fleur-phare-lors-de-la-celebration-de-paques-a-rome\/#primaryimage\"},\"thumbnailUrl\":\"https:\/\/anthuriuminfo.com\/fr\/wp-content\/uploads\/sites\/4\/2020\/03\/TEMPLATE-BLOGGERS-LIGGEND-28.png\",\"datePublished\":\"2020-02-19T15:02:19+00:00\",\"dateModified\":\"2020-03-13T16:19:58+00:00\",\"author\":{\"@id\":\"http:\/\/anthuriuminfo.com\/fr\/#\/schema\/person\/59fd1979d5ab3e574325b0ac6bbdb330\"},\"description\":\"Pour la c\u00e9l\u00e9bration de P\u00e2ques, l\u2019arrangeur floral en chef Paul Deckers a choisi l\u2019anthurium comme fleur phare de la d\u00e9coration de la place Saint-Pierre.\",\"breadcrumb\":{\"@id\":\"https:\/\/anthuriuminfo.com\/fr\/lanthurium-devient-la-fleur-phare-lors-de-la-celebration-de-paques-a-rome\/#breadcrumb\"},\"inLanguage\":\"nl-NL\",\"potentialAction\":[{\"@type\":\"ReadAction\",\"target\":[\"https:\/\/anthuriuminfo.com\/fr\/lanthurium-devient-la-fleur-phare-lors-de-la-celebration-de-paques-a-rome\/\"]}]},{\"@type\":\"ImageObject\",\"inLanguage\":\"nl-NL\",\"@id\":\"https:\/\/anthuriuminfo.com\/fr\/lanthurium-devient-la-fleur-phare-lors-de-la-celebration-de-paques-a-rome\/#primaryimage\",\"url\":\"https:\/\/anthuriuminfo.com\/fr\/wp-content\/uploads\/sites\/4\/2020\/03\/TEMPLATE-BLOGGERS-LIGGEND-28.png\",\"contentUrl\":\"https:\/\/anthuriuminfo.com\/fr\/wp-content\/uploads\/sites\/4\/2020\/03\/TEMPLATE-BLOGGERS-LIGGEND-28.png\",\"width\":1024,\"height\":724,\"caption\":\"L\u2019anthurium devient la fleur phare lors de la c\u00e9l\u00e9bration de P\u00e2ques \u00e0 Rome\"},{\"@type\":\"BreadcrumbList\",\"@id\":\"https:\/\/anthuriuminfo.com\/fr\/lanthurium-devient-la-fleur-phare-lors-de-la-celebration-de-paques-a-rome\/#breadcrumb\",\"itemListElement\":[{\"@type\":\"ListItem\",\"position\":1,\"name\":\"Home\",\"item\":\"http:\/\/anthuriuminfo.com\/fr\/\"},{\"@type\":\"ListItem\",\"position\":2,\"name\":\"L\u2019anthurium devient la fleur phare lors de la c\u00e9l\u00e9bration de P\u00e2ques \u00e0 Rome 2021\"}]},{\"@type\":\"WebSite\",\"@id\":\"http:\/\/anthuriuminfo.com\/fr\/#website\",\"url\":\"http:\/\/anthuriuminfo.com\/fr\/\",\"name\":\"Anthurium Fran\u00e7ais\",\"description\":\"Tout sur les fleurs coup\u00e9es et les plantes en pot d&#039;Anthurium\",\"potentialAction\":[{\"@type\":\"SearchAction\",\"target\":{\"@type\":\"EntryPoint\",\"urlTemplate\":\"http:\/\/anthuriuminfo.com\/fr\/?s={search_term_string}\"},\"query-input\":{\"@type\":\"PropertyValueSpecification\",\"valueRequired\":true,\"valueName\":\"search_term_string\"}}],\"inLanguage\":\"nl-NL\"},{\"@type\":\"Person\",\"@id\":\"http:\/\/anthuriuminfo.com\/fr\/#\/schema\/person\/59fd1979d5ab3e574325b0ac6bbdb330\",\"name\":\"Claudia\",\"image\":{\"@type\":\"ImageObject\",\"inLanguage\":\"nl-NL\",\"@id\":\"http:\/\/anthuriuminfo.com\/fr\/#\/schema\/person\/image\/\",\"url\":\"https:\/\/secure.gravatar.com\/avatar\/91efe381f6857bb5bee95ed747dfd19ef50bd14d61a1837132f9e970f83760de?s=96&d=mm&r=g\",\"contentUrl\":\"https:\/\/secure.gravatar.com\/avatar\/91efe381f6857bb5bee95ed747dfd19ef50bd14d61a1837132f9e970f83760de?s=96&d=mm&r=g\",\"caption\":\"Claudia\"}}]}<\/script>\n<!-- \/ Yoast SEO plugin. -->","yoast_head_json":{"title":"L\u2019anthurium devient la fleur phare lors de la c\u00e9l\u00e9bration de P\u00e2ques \u00e0 Rome","description":"Pour la c\u00e9l\u00e9bration de P\u00e2ques, l\u2019arrangeur floral en chef Paul Deckers a choisi l\u2019anthurium comme fleur phare de la d\u00e9coration de la place Saint-Pierre.","robots":{"index":"index","follow":"follow","max-snippet":"max-snippet:-1","max-image-preview":"max-image-preview:large","max-video-preview":"max-video-preview:-1"},"canonical":"https:\/\/anthuriuminfo.com\/fr\/lanthurium-devient-la-fleur-phare-lors-de-la-celebration-de-paques-a-rome\/","og_locale":"nl_NL","og_type":"article","og_title":"L\u2019anthurium devient la fleur phare lors de la c\u00e9l\u00e9bration de P\u00e2ques \u00e0 Rome","og_description":"Pour la c\u00e9l\u00e9bration de P\u00e2ques, l\u2019arrangeur floral en chef Paul Deckers a choisi l\u2019anthurium comme fleur phare de la d\u00e9coration de la place Saint-Pierre.","og_url":"https:\/\/anthuriuminfo.com\/fr\/lanthurium-devient-la-fleur-phare-lors-de-la-celebration-de-paques-a-rome\/","og_site_name":"Anthurium Fran\u00e7ais","article_publisher":"https:\/\/www.facebook.com\/Anthurium.info","article_published_time":"2020-02-19T15:02:19+00:00","article_modified_time":"2020-03-13T16:19:58+00:00","og_image":[{"width":1024,"height":724,"url":"https:\/\/anthuriuminfo.com\/fr\/wp-content\/uploads\/sites\/4\/2020\/03\/TEMPLATE-BLOGGERS-LIGGEND-28.png","type":"image\/png"}],"author":"Claudia","twitter_card":"summary_large_image","twitter_creator":"@Anthuriuminfo","twitter_site":"@Anthuriuminfo","twitter_misc":{"Geschreven door":"Claudia","Geschatte leestijd":"3 minuten"},"schema":{"@context":"https:\/\/schema.org","@graph":[{"@type":"Article","@id":"https:\/\/anthuriuminfo.com\/fr\/lanthurium-devient-la-fleur-phare-lors-de-la-celebration-de-paques-a-rome\/#article","isPartOf":{"@id":"https:\/\/anthuriuminfo.com\/fr\/lanthurium-devient-la-fleur-phare-lors-de-la-celebration-de-paques-a-rome\/"},"author":{"name":"Claudia","@id":"http:\/\/anthuriuminfo.com\/fr\/#\/schema\/person\/59fd1979d5ab3e574325b0ac6bbdb330"},"headline":"L\u2019anthurium devient la fleur phare lors de la c\u00e9l\u00e9bration de P\u00e2ques \u00e0 Rome 2021","datePublished":"2020-02-19T15:02:19+00:00","dateModified":"2020-03-13T16:19:58+00:00","mainEntityOfPage":{"@id":"https:\/\/anthuriuminfo.com\/fr\/lanthurium-devient-la-fleur-phare-lors-de-la-celebration-de-paques-a-rome\/"},"wordCount":579,"commentCount":0,"image":{"@id":"https:\/\/anthuriuminfo.com\/fr\/lanthurium-devient-la-fleur-phare-lors-de-la-celebration-de-paques-a-rome\/#primaryimage"},"thumbnailUrl":"https:\/\/anthuriuminfo.com\/fr\/wp-content\/uploads\/sites\/4\/2020\/03\/TEMPLATE-BLOGGERS-LIGGEND-28.png","keywords":["fleur principale","P\u00e2ques","peter"],"articleSection":["A propos d'anthurium"],"inLanguage":"nl-NL","potentialAction":[{"@type":"CommentAction","name":"Comment","target":["https:\/\/anthuriuminfo.com\/fr\/lanthurium-devient-la-fleur-phare-lors-de-la-celebration-de-paques-a-rome\/#respond"]}]},{"@type":"WebPage","@id":"https:\/\/anthuriuminfo.com\/fr\/lanthurium-devient-la-fleur-phare-lors-de-la-celebration-de-paques-a-rome\/","url":"https:\/\/anthuriuminfo.com\/fr\/lanthurium-devient-la-fleur-phare-lors-de-la-celebration-de-paques-a-rome\/","name":"L\u2019anthurium devient la fleur phare lors de la c\u00e9l\u00e9bration de P\u00e2ques \u00e0 Rome","isPartOf":{"@id":"http:\/\/anthuriuminfo.com\/fr\/#website"},"primaryImageOfPage":{"@id":"https:\/\/anthuriuminfo.com\/fr\/lanthurium-devient-la-fleur-phare-lors-de-la-celebration-de-paques-a-rome\/#primaryimage"},"image":{"@id":"https:\/\/anthuriuminfo.com\/fr\/lanthurium-devient-la-fleur-phare-lors-de-la-celebration-de-paques-a-rome\/#primaryimage"},"thumbnailUrl":"https:\/\/anthuriuminfo.com\/fr\/wp-content\/uploads\/sites\/4\/2020\/03\/TEMPLATE-BLOGGERS-LIGGEND-28.png","datePublished":"2020-02-19T15:02:19+00:00","dateModified":"2020-03-13T16:19:58+00:00","author":{"@id":"http:\/\/anthuriuminfo.com\/fr\/#\/schema\/person\/59fd1979d5ab3e574325b0ac6bbdb330"},"description":"Pour la c\u00e9l\u00e9bration de P\u00e2ques, l\u2019arrangeur floral en chef Paul Deckers a choisi l\u2019anthurium comme fleur phare de la d\u00e9coration de la place Saint-Pierre.","breadcrumb":{"@id":"https:\/\/anthuriuminfo.com\/fr\/lanthurium-devient-la-fleur-phare-lors-de-la-celebration-de-paques-a-rome\/#breadcrumb"},"inLanguage":"nl-NL","potentialAction":[{"@type":"ReadAction","target":["https:\/\/anthuriuminfo.com\/fr\/lanthurium-devient-la-fleur-phare-lors-de-la-celebration-de-paques-a-rome\/"]}]},{"@type":"ImageObject","inLanguage":"nl-NL","@id":"https:\/\/anthuriuminfo.com\/fr\/lanthurium-devient-la-fleur-phare-lors-de-la-celebration-de-paques-a-rome\/#primaryimage","url":"https:\/\/anthuriuminfo.com\/fr\/wp-content\/uploads\/sites\/4\/2020\/03\/TEMPLATE-BLOGGERS-LIGGEND-28.png","contentUrl":"https:\/\/anthuriuminfo.com\/fr\/wp-content\/uploads\/sites\/4\/2020\/03\/TEMPLATE-BLOGGERS-LIGGEND-28.png","width":1024,"height":724,"caption":"L\u2019anthurium devient la fleur phare lors de la c\u00e9l\u00e9bration de P\u00e2ques \u00e0 Rome"},{"@type":"BreadcrumbList","@id":"https:\/\/anthuriuminfo.com\/fr\/lanthurium-devient-la-fleur-phare-lors-de-la-celebration-de-paques-a-rome\/#breadcrumb","itemListElement":[{"@type":"ListItem","position":1,"name":"Home","item":"http:\/\/anthuriuminfo.com\/fr\/"},{"@type":"ListItem","position":2,"name":"L\u2019anthurium devient la fleur phare lors de la c\u00e9l\u00e9bration de P\u00e2ques \u00e0 Rome 2021"}]},{"@type":"WebSite","@id":"http:\/\/anthuriuminfo.com\/fr\/#website","url":"http:\/\/anthuriuminfo.com\/fr\/","name":"Anthurium Fran\u00e7ais","description":"Tout sur les fleurs coup\u00e9es et les plantes en pot d&#039;Anthurium","potentialAction":[{"@type":"SearchAction","target":{"@type":"EntryPoint","urlTemplate":"http:\/\/anthuriuminfo.com\/fr\/?s={search_term_string}"},"query-input":{"@type":"PropertyValueSpecification","valueRequired":true,"valueName":"search_term_string"}}],"inLanguage":"nl-NL"},{"@type":"Person","@id":"http:\/\/anthuriuminfo.com\/fr\/#\/schema\/person\/59fd1979d5ab3e574325b0ac6bbdb330","name":"Claudia","image":{"@type":"ImageObject","inLanguage":"nl-NL","@id":"http:\/\/anthuriuminfo.com\/fr\/#\/schema\/person\/image\/","url":"https:\/\/secure.gravatar.com\/avatar\/91efe381f6857bb5bee95ed747dfd19ef50bd14d61a1837132f9e970f83760de?s=96&d=mm&r=g","contentUrl":"https:\/\/secure.gravatar.com\/avatar\/91efe381f6857bb5bee95ed747dfd19ef50bd14d61a1837132f9e970f83760de?s=96&d=mm&r=g","caption":"Claudia"}}]}},"_links":{"self":[{"href":"https:\/\/anthuriuminfo.com\/fr\/wp-json\/wp\/v2\/posts\/5852","targetHints":{"allow":["GET"]}}],"collection":[{"href":"https:\/\/anthuriuminfo.com\/fr\/wp-json\/wp\/v2\/posts"}],"about":[{"href":"https:\/\/anthuriuminfo.com\/fr\/wp-json\/wp\/v2\/types\/post"}],"author":[{"embeddable":true,"href":"https:\/\/anthuriuminfo.com\/fr\/wp-json\/wp\/v2\/users\/2"}],"replies":[{"embeddable":true,"href":"https:\/\/anthuriuminfo.com\/fr\/wp-json\/wp\/v2\/comments?post=5852"}],"version-history":[{"count":3,"href":"https:\/\/anthuriuminfo.com\/fr\/wp-json\/wp\/v2\/posts\/5852\/revisions"}],"predecessor-version":[{"id":5866,"href":"https:\/\/anthuriuminfo.com\/fr\/wp-json\/wp\/v2\/posts\/5852\/revisions\/5866"}],"wp:featuredmedia":[{"embeddable":true,"href":"https:\/\/anthuriuminfo.com\/fr\/wp-json\/wp\/v2\/media\/5857"}],"wp:attachment":[{"href":"https:\/\/anthuriuminfo.com\/fr\/wp-json\/wp\/v2\/media?parent=5852"}],"wp:term":[{"taxonomy":"category","embeddable":true,"href":"https:\/\/anthuriuminfo.com\/fr\/wp-json\/wp\/v2\/categories?post=5852"},{"taxonomy":"post_tag","embeddable":true,"href":"https:\/\/anthuriuminfo.com\/fr\/wp-json\/wp\/v2\/tags?post=5852"}],"curies":[{"name":"wp","href":"https:\/\/api.w.org\/{rel}","templated":true}]}}